{"id":1158,"date":"2017-03-23T08:48:51","date_gmt":"2017-03-23T13:48:51","guid":{"rendered":"http:\/\/www.carrefourfgafp.com\/SEC\/?p=1158"},"modified":"2021-06-17T16:36:03","modified_gmt":"2021-06-17T20:36:03","slug":"les-difficultes-de-langage-un-defi-supplementaire-pour-les-mathematiques","status":"publish","type":"post","link":"https:\/\/www.carrefourfgafp.com\/SEC\/2017\/03\/23\/les-difficultes-de-langage-un-defi-supplementaire-pour-les-mathematiques\/","title":{"rendered":"Les difficult\u00e9s de langage, un d\u00e9fi suppl\u00e9mentaire pour les math\u00e9matiques"},"content":{"rendered":"<section class=\"wpb-content-wrapper\"><p>[vc_row row_type=\u00a0\u00bbrow\u00a0\u00bb use_row_as_full_screen_section=\u00a0\u00bbno\u00a0\u00bb type=\u00a0\u00bbfull_width\u00a0\u00bb text_align=\u00a0\u00bbleft\u00a0\u00bb css_animation=\u00a0\u00bb\u00a0\u00bb][vc_column][vc_separator type=\u00a0\u00bbtransparent\u00a0\u00bb border_style=\u00a0\u00bb\u00a0\u00bb][vc_column_text]<strong>Le langage a une place pr\u00e9pond\u00e9rante dans le d\u00e9veloppement de la compr\u00e9hension et l\u2019application de concepts math\u00e9matiques. En ce sens, pr\u00e9senter un retard ou un trouble du langage repr\u00e9sente un d\u00e9fi suppl\u00e9mentaire pour l\u2019enfant en apprentissage math\u00e9matique et particuli\u00e8rement pour l&rsquo;enfant sourd.<\/strong>[\/vc_column_text]<a href=\"http:\/\/parlonsapprentissage.com\/les-difficultes-de-langage-un-defi-supplementaire-pour-les-mathematiques-lexemple-des-enfants-sourds\/\" target=\"_blank\"  class=\"qbutton  qbutton_with_icon\" style=\"\">Lire l'article sur le site http:\/\/parlonsapprentissage.com\/<i class=\"button_icon  fa fa-link\" style=\"\"><\/i><\/a>[vc_separator type=\u00a0\u00bbtransparent\u00a0\u00bb border_style=\u00a0\u00bb\u00a0\u00bb][vc_separator type=\u00a0\u00bbtransparent\u00a0\u00bb border_style=\u00a0\u00bb\u00a0\u00bb][vc_separator type=\u00a0\u00bbtransparent\u00a0\u00bb border_style=\u00a0\u00bb\u00a0\u00bb][\/vc_column][\/vc_row]<\/p>\n<\/section>","protected":false},"excerpt":{"rendered":"<p>[vc_row row_type=\u00a0\u00bbrow\u00a0\u00bb use_row_as_full_screen_section=\u00a0\u00bbno\u00a0\u00bb type=\u00a0\u00bbfull_width\u00a0\u00bb text_align=\u00a0\u00bbleft\u00a0\u00bb css_animation=\u00a0\u00bb\u00a0\u00bb][vc_column][vc_separator type=\u00a0\u00bbtransparent\u00a0\u00bb border_style=\u00a0\u00bb\u00a0\u00bb][vc_column_text]Le langage a une place pr\u00e9pond\u00e9rante dans le d\u00e9veloppement de la compr\u00e9hension et l\u2019application de concepts math\u00e9matiques. En ce sens, pr\u00e9senter un retard ou un trouble du langage repr\u00e9sente un d\u00e9fi suppl\u00e9mentaire pour l\u2019enfant en apprentissage math\u00e9matique et&#8230;<\/p>\n","protected":false},"author":1,"featured_media":908,"comment_status":"closed","ping_status":"closed","sticky":false,"template":"","format":"link","meta":{"footnotes":"","_links_to":"","_links_to_target":""},"categories":[1],"tags":[8],"_links":{"self":[{"href":"https:\/\/www.carrefourfgafp.com\/SEC\/wp-json\/wp\/v2\/posts\/1158"}],"collection":[{"href":"https:\/\/www.carrefourfgafp.com\/SEC\/wp-json\/wp\/v2\/posts"}],"about":[{"href":"https:\/\/www.carrefourfgafp.com\/SEC\/wp-json\/wp\/v2\/types\/post"}],"author":[{"embeddable":true,"href":"https:\/\/www.carrefourfgafp.com\/SEC\/wp-json\/wp\/v2\/users\/1"}],"replies":[{"embeddable":true,"href":"https:\/\/www.carrefourfgafp.com\/SEC\/wp-json\/wp\/v2\/comments?post=1158"}],"version-history":[{"count":3,"href":"https:\/\/www.carrefourfgafp.com\/SEC\/wp-json\/wp\/v2\/posts\/1158\/revisions"}],"predecessor-version":[{"id":1167,"href":"https:\/\/www.carrefourfgafp.com\/SEC\/wp-json\/wp\/v2\/posts\/1158\/revisions\/1167"}],"wp:featuredmedia":[{"embeddable":true,"href":"https:\/\/www.carrefourfgafp.com\/SEC\/wp-json\/wp\/v2\/media\/908"}],"wp:attachment":[{"href":"https:\/\/www.carrefourfgafp.com\/SEC\/wp-json\/wp\/v2\/media?parent=1158"}],"wp:term":[{"taxonomy":"category","embeddable":true,"href":"https:\/\/www.carrefourfgafp.com\/SEC\/wp-json\/wp\/v2\/categories?post=1158"},{"taxonomy":"post_tag","embeddable":true,"href":"https:\/\/www.carrefourfgafp.com\/SEC\/wp-json\/wp\/v2\/tags?post=1158"}],"curies":[{"name":"wp","href":"https:\/\/api.w.org\/{rel}","templated":true}]}}