{"id":5926,"date":"2022-01-11T15:50:11","date_gmt":"2022-01-11T20:50:11","guid":{"rendered":"http:\/\/www.carrefourfgafp.com\/SEC\/?p=5926"},"modified":"2022-02-18T09:58:47","modified_gmt":"2022-02-18T14:58:47","slug":"la-gestion-de-classe-en-fga-fp","status":"publish","type":"post","link":"https:\/\/www.carrefourfgafp.com\/SEC\/2022\/01\/11\/la-gestion-de-classe-en-fga-fp\/","title":{"rendered":"La gestion de classe en FGA-FP"},"content":{"rendered":"<section class=\"wpb-content-wrapper\"><p>[vc_row row_type=\u00a0\u00bbrow\u00a0\u00bb use_row_as_full_screen_section=\u00a0\u00bbno\u00a0\u00bb type=\u00a0\u00bbfull_width\u00a0\u00bb text_align=\u00a0\u00bbleft\u00a0\u00bb background_animation=\u00a0\u00bbnone\u00a0\u00bb css_animation=\u00a0\u00bb\u00a0\u00bb][vc_column][vc_row_inner row_type=\u00a0\u00bbrow\u00a0\u00bb type=\u00a0\u00bbfull_width\u00a0\u00bb use_row_as_full_screen_section_slide=\u00a0\u00bbno\u00a0\u00bb text_align=\u00a0\u00bbleft\u00a0\u00bb css_animation=\u00a0\u00bb\u00a0\u00bb][vc_column_inner][vc_column_text]<\/p>\n<div>Webinaire : La gestion de classe en FGA-FP<\/div>\n<div>Le 21 janvier de 9h \u00e0 11h\u00a0<strong><a href=\"https:\/\/us02web.zoom.us\/j\/5284279150#success\" target=\"_blank\" rel=\"noopener noreferrer\" data-auth=\"NotApplicable\" data-linkindex=\"2\">https:\/\/us02web.zoom.us\/j\/5284279150#success<\/a><\/strong><\/div>\n<div>Anim\u00e9 par Clara Rouleau-Fournier, conseill\u00e8re p\u00e9dagogique en strat\u00e9gies d&rsquo;enseignement<\/div>\n<p>[\/vc_column_text][vc_empty_space height=\u00a0\u00bb15px\u00a0\u00bb][vc_column_text]Ce webinaire est bas\u00e9 sur le partage de strat\u00e9gies efficaces utilis\u00e9es par des enseignantes et des enseignants de la formation professionnelle et de la formation g\u00e9n\u00e9rale adulte. Gr\u00e2ce \u00e0 un survol des diff\u00e9rentes composantes de la gestion de classe qui s\u2019appuient sur la th\u00e9orie de Gaudreau, les intervenants seront outill\u00e9s pour accompagner concr\u00e8tement les enseignants qui font face au d\u00e9fi quotidien de la gestion de la diversit\u00e9 en classe. Et oui, la gestion de classe FP-FGA, ce n\u2019est pas un mythe, mais bien une r\u00e9alit\u00e9.[\/vc_column_text][vc_empty_space height=\u00a0\u00bb15px\u00a0\u00bb][vc_column_text]<\/p>\n<div><strong><a href=\"https:\/\/padlet.com\/rouleaufournierclara\/lciay6n2mlkdeski\" target=\"_blank\" rel=\"noopener noreferrer\">Document de pr\u00e9sentation<\/a><\/strong><\/div>\n<div><strong><a href=\"https:\/\/www.youtube.com\/watch?v=6BhHoDvyF_8&amp;t=1s\" target=\"_blank\" rel=\"noopener noreferrer\">Vid\u00e9o<\/a><\/strong><\/div>\n<p>[\/vc_column_text][\/vc_column_inner][\/vc_row_inner][\/vc_column][\/vc_row][vc_row row_type=\u00a0\u00bbrow\u00a0\u00bb use_row_as_full_screen_section=\u00a0\u00bbno\u00a0\u00bb type=\u00a0\u00bbfull_width\u00a0\u00bb text_align=\u00a0\u00bbleft\u00a0\u00bb background_animation=\u00a0\u00bbnone\u00a0\u00bb css_animation=\u00a0\u00bb\u00a0\u00bb][vc_column width=\u00a0\u00bb1\/3&Prime;][\/vc_column][vc_column width=\u00a0\u00bb1\/3&Prime;][\/vc_column][vc_column width=\u00a0\u00bb1\/3&Prime;][\/vc_column][\/vc_row]<\/p>\n<\/section>","protected":false},"excerpt":{"rendered":"<p>[vc_row row_type=\u00a0\u00bbrow\u00a0\u00bb use_row_as_full_screen_section=\u00a0\u00bbno\u00a0\u00bb type=\u00a0\u00bbfull_width\u00a0\u00bb text_align=\u00a0\u00bbleft\u00a0\u00bb background_animation=\u00a0\u00bbnone\u00a0\u00bb css_animation=\u00a0\u00bb\u00a0\u00bb][vc_column][vc_row_inner row_type=\u00a0\u00bbrow\u00a0\u00bb type=\u00a0\u00bbfull_width\u00a0\u00bb use_row_as_full_screen_section_slide=\u00a0\u00bbno\u00a0\u00bb text_align=\u00a0\u00bbleft\u00a0\u00bb css_animation=\u00a0\u00bb\u00a0\u00bb][vc_column_inner][vc_column_text] Webinaire : La gestion de classe en FGA-FP Le 21 janvier de 9h \u00e0 11h\u00a0https:\/\/us02web.zoom.us\/j\/5284279150#success Anim\u00e9 par Clara Rouleau-Fournier, conseill\u00e8re p\u00e9dagogique en strat\u00e9gies d&rsquo;enseignement [\/vc_column_text][vc_empty_space height=\u00a0\u00bb15px\u00a0\u00bb][vc_column_text]Ce webinaire est bas\u00e9 sur le partage de&#8230;<\/p>\n","protected":false},"author":1,"featured_media":0,"comment_status":"closed","ping_status":"closed","sticky":false,"template":"","format":"standard","meta":{"footnotes":"","_links_to":"","_links_to_target":""},"categories":[1],"tags":[74,404,403,110,10,48],"_links":{"self":[{"href":"https:\/\/www.carrefourfgafp.com\/SEC\/wp-json\/wp\/v2\/posts\/5926"}],"collection":[{"href":"https:\/\/www.carrefourfgafp.com\/SEC\/wp-json\/wp\/v2\/posts"}],"about":[{"href":"https:\/\/www.carrefourfgafp.com\/SEC\/wp-json\/wp\/v2\/types\/post"}],"author":[{"embeddable":true,"href":"https:\/\/www.carrefourfgafp.com\/SEC\/wp-json\/wp\/v2\/users\/1"}],"replies":[{"embeddable":true,"href":"https:\/\/www.carrefourfgafp.com\/SEC\/wp-json\/wp\/v2\/comments?post=5926"}],"version-history":[{"count":4,"href":"https:\/\/www.carrefourfgafp.com\/SEC\/wp-json\/wp\/v2\/posts\/5926\/revisions"}],"predecessor-version":[{"id":6036,"href":"https:\/\/www.carrefourfgafp.com\/SEC\/wp-json\/wp\/v2\/posts\/5926\/revisions\/6036"}],"wp:attachment":[{"href":"https:\/\/www.carrefourfgafp.com\/SEC\/wp-json\/wp\/v2\/media?parent=5926"}],"wp:term":[{"taxonomy":"category","embeddable":true,"href":"https:\/\/www.carrefourfgafp.com\/SEC\/wp-json\/wp\/v2\/categories?post=5926"},{"taxonomy":"post_tag","embeddable":true,"href":"https:\/\/www.carrefourfgafp.com\/SEC\/wp-json\/wp\/v2\/tags?post=5926"}],"curies":[{"name":"wp","href":"https:\/\/api.w.org\/{rel}","templated":true}]}}