{"id":6741,"date":"2023-12-15T09:52:10","date_gmt":"2023-12-15T14:52:10","guid":{"rendered":"https:\/\/www.carrefourfgafp.com\/SEC\/?p=6741"},"modified":"2023-12-15T11:46:52","modified_gmt":"2023-12-15T16:46:52","slug":"changement-du-role-de-lorthopedagogue-en-fga-le-coenseignement-pour-repondre-a-la-pluralite-des-besoins","status":"publish","type":"post","link":"https:\/\/www.carrefourfgafp.com\/SEC\/2023\/12\/15\/changement-du-role-de-lorthopedagogue-en-fga-le-coenseignement-pour-repondre-a-la-pluralite-des-besoins\/","title":{"rendered":"Changement du r\u00f4le de l\u2019orthop\u00e9dagogue en FGA : le coenseignement pour r\u00e9pondre \u00e0 la pluralit\u00e9 des besoins"},"content":{"rendered":"<section class=\"wpb-content-wrapper\"><p>[vc_row row_type=\u00a0\u00bbrow\u00a0\u00bb use_row_as_full_screen_section=\u00a0\u00bbno\u00a0\u00bb type=\u00a0\u00bbfull_width\u00a0\u00bb text_align=\u00a0\u00bbleft\u00a0\u00bb background_animation=\u00a0\u00bbnone\u00a0\u00bb css_animation=\u00a0\u00bb\u00a0\u00bb][vc_column][vc_row_inner row_type=\u00a0\u00bbrow\u00a0\u00bb type=\u00a0\u00bbfull_width\u00a0\u00bb use_row_as_full_screen_section_slide=\u00a0\u00bbno\u00a0\u00bb text_align=\u00a0\u00bbleft\u00a0\u00bb css_animation=\u00a0\u00bb\u00a0\u00bb][vc_column_inner][vc_column_text]<\/p>\n<div class=\"wpb_text_column wpb_content_element \">\n<div class=\"wpb_wrapper\">\n<p><span style=\"font-weight: 400;\">Par <em>Chantale Cayer<\/em>, orthop\u00e9dagogue au CEA de l\u2019Estuaire\u00a0<\/span><\/p>\n<p><span style=\"font-weight: 400;\">En collaboration avec <em>Jenny Larouche<\/em>, conseill\u00e8re p\u00e9dagogique au CEA de l\u2019Estuaire<\/span><\/p>\n<\/div>\n<\/div>\n<p>&nbsp;<\/p>\n<p><span style=\"font-weight: 400;\">La grandissante diversit\u00e9 des apprenants dans nos centres am\u00e8ne l\u2019ensemble des professionnels du milieu scolaire \u00e0 se mobiliser pour favoriser la r\u00e9ussite du plus grand nombre d\u2019\u00e9l\u00e8ves et remet en question les mod\u00e8les d\u2019intervention de services \u00e9ducatifs pr\u00e9alablement \u00e9tablis. En ce sens, les ressources SEC et SARCA sont appel\u00e9s \u00e0 exercer un r\u00f4le-conseil aupr\u00e8s de l\u2019\u00e9quipe-centre et il est n\u00e9cessaire de valoriser la r\u00e9ponse aux besoins g\u00e9n\u00e9raux en classe\u00a0; l\u00e0 o\u00f9 les \u00e9l\u00e8ves apprennent et \u00e9voluent. Au cours des derni\u00e8res ann\u00e9es, les mod\u00e8les p\u00e9dagogiques connus \u00e0 la FGA et les interventions \u00e0 l\u2019ext\u00e9rieur de la classe par l\u2019orthop\u00e9dagogue ont d\u00fb \u00eatre revus par souci d&rsquo;efficacit\u00e9.\u00a0<\/span><\/p>\n<p>&nbsp;<\/p>\n<p><span style=\"font-weight: 400;\">Au CEA de l\u2019Estuaire, bien que nous soyons un petit centre de formation, nous avons fait le pari qu\u2019il \u00e9tait possible d\u2019optimiser nos ressources humaines. Nous constations que le mod\u00e8le m\u00e9dical o\u00f9 les intervenants des SEC sortaient les \u00e9l\u00e8ves de la classe m\u00e9ritait d\u2019\u00eatre questionn\u00e9 au profit d\u2019un mod\u00e8le p\u00e9dagogique plus souple, modul\u00e9 et inclusif.\u00a0<\/span><\/p>\n<p>&nbsp;<\/p>\n<p><span style=\"font-weight: 400;\">De ce fait, le coenseignement, s\u2019appuyant sur la collaboration entre les diff\u00e9rents acteurs de l\u2019\u00e9ducation, se pr\u00e9sentait comme une avenue int\u00e9ressante que nous souhaitions exp\u00e9rimenter dans notre milieu.<\/span><\/p>\n<p>&nbsp;<\/p>\n<p><b>Qu\u2019est-ce que le coenseignement?<\/b><\/p>\n<p><span style=\"font-weight: 400;\">Le\u00a0coenseignement est d\u00e9fini comme un travail p\u00e9dagogique commun, dans un m\u00eame groupe et dans un m\u00eame temps, de deux ou de plusieurs enseignants se partageant <\/span><span style=\"font-weight: 400;\">les responsabilit\u00e9s \u00e9ducatives<\/span><span style=\"font-weight: 400;\"> pour atteindre les objectifs sp\u00e9cifiques (Nancy Granger, 2022 dans\u00a0Friend\u00a0et Cook, 2007).<\/span><span style=\"font-weight: 400;\">\u00a0<\/span><\/p>\n<p>&nbsp;<\/p>\n<p><span style=\"font-weight: 400;\">Certains \u00e9l\u00e9ments sont essentiels \u00e0 la r\u00e9ussite d\u2019un coenseignement (Gravel et Tr\u00e9panier, 2010) :\u00a0la souplesse\u00a0des intervenants, leur compatibilit\u00e9, leur habilet\u00e9 de communication, leur capacit\u00e9 \u00e0 prendre des risques, la clart\u00e9 de leurs r\u00f4les et responsabilit\u00e9s, et le fait qu\u2019ils puissent avoir des moments communs de planification.\u00a0<\/span><\/p>\n<p>&nbsp;<\/p>\n<p><span style=\"font-weight: 400;\">Il existerait <\/span><span style=\"font-weight: 400;\">8 principales structures <\/span><a href=\"https:\/\/rire.ctreq.qc.ca\/coenseignement-differenciation\/\"><span style=\"font-weight: 400;\"><strong>en coenseignement<\/strong>\u00a0<\/span><\/a><span style=\"font-weight: 400;\">: Un enseigne et l\u2019autre observe, un enseigne et l\u2019autre soutien, l\u2019enseignement en ateliers, l\u2019enseignement alternatif, l\u2019enseignement parall\u00e8le, l\u2019enseignement partag\u00e9, le soutien partag\u00e9 et le soutien alternatif. Le choix de la structure \u00e9tant effectu\u00e9 selon le portrait de la classe, les besoins des \u00e9l\u00e8ves, les objectifs d&rsquo;apprentissages et la situation d&rsquo;enseignement-apprentissage. De ces structures, toutes ont leurs avantages et leurs d\u00e9fis. C\u2019est \u00e0 la fois en animant devant le groupe-classe, \u00e0 la fois en coenseignant directement la m\u00eame mati\u00e8re et \u00e0 la fois en observant que l\u2019on parvient \u00e0 trouver un mod\u00e8le qui r\u00e9pond aux besoins de tous parmi ces m\u00e9thodes de diff\u00e9renciation p\u00e9dagogique.\u00a0<\/span><\/p>\n<p>&nbsp;<\/p>\n<p><span style=\"font-weight: 400;\"><img decoding=\"async\" loading=\"lazy\" class=\"alignleft wp-image-6747 size-medium\" src=\"http:\/\/www.carrefourfgafp.com\/SEC\/wp-content\/uploads\/2023\/12\/AdobeStock_434370658-1-300x200.jpeg\" alt=\"\" width=\"300\" height=\"200\" srcset=\"https:\/\/www.carrefourfgafp.com\/SEC\/wp-content\/uploads\/2023\/12\/AdobeStock_434370658-1-300x200.jpeg 300w, https:\/\/www.carrefourfgafp.com\/SEC\/wp-content\/uploads\/2023\/12\/AdobeStock_434370658-1-1024x683.jpeg 1024w, https:\/\/www.carrefourfgafp.com\/SEC\/wp-content\/uploads\/2023\/12\/AdobeStock_434370658-1-768x512.jpeg 768w, https:\/\/www.carrefourfgafp.com\/SEC\/wp-content\/uploads\/2023\/12\/AdobeStock_434370658-1-700x467.jpeg 700w, https:\/\/www.carrefourfgafp.com\/SEC\/wp-content\/uploads\/2023\/12\/AdobeStock_434370658-1-1100x734.jpeg 1100w, https:\/\/www.carrefourfgafp.com\/SEC\/wp-content\/uploads\/2023\/12\/AdobeStock_434370658-1.jpeg 1382w\" sizes=\"(max-width: 300px) 100vw, 300px\" \/>Au CEA de l&rsquo;Estuaire, nous avons eu l&rsquo;occasion d&rsquo;exp\u00e9rimenter le\u00a0coenseignement enseignant-orthop\u00e9dagogue en math\u00e9matique. Puisque que nous constations que l&rsquo;enseignement individualis\u00e9 avait ses limites, nous avons pris la d\u00e9cision de mettre en place des cohortes dans lesquelles deux enseignants de math\u00e9matique et une orthop\u00e9dagogue se partageraient l&rsquo;accompagnement des \u00e9l\u00e8ves. Pour ce faire, des \u00e9l\u00e8ves furent cibl\u00e9s d\u00e8s leur inscription selon leur int\u00e9r\u00eat \u00e0 recevoir un enseignement magistral et \u00e0 se pr\u00e9senter au Centre selon un horaire pr\u00e9cis. Une fois regroup\u00e9s, ils purent b\u00e9n\u00e9ficier, trois fois par semaine et pour une p\u00e9riode d\u2019environ dix semaines, d\u2019un enseignement explicite des concepts tout en \u00e9tant soutenus dans leurs apprentissages. Ce travail de collaboration o\u00f9 l\u2019enseignement, le soutien, et le d\u00e9pistage des difficult\u00e9s furent possibles dans un m\u00eame espace s\u2019est av\u00e9r\u00e9 pour nous<\/span><span style=\"font-weight: 400;\">,<\/span><span style=\"font-weight: 400;\"> et pour les \u00e9l\u00e8ves, une exp\u00e9rience concluante. Les \u00e9l\u00e8ves cheminent, leur taux d&rsquo;abandon est faible et les r\u00e9sultats obtenus parlent d&rsquo;eux-m\u00eames. L\u2019auto-efficacit\u00e9 s&rsquo;accro\u00eet tant chez les \u00e9l\u00e8ves que chez les intervenants.<\/span><\/p>\n<p>&nbsp;<\/p>\n<p><span style=\"font-weight: 400;\">Bien entendu, dans tout changement de pratique, il y a un temps de questionnement et de r\u00e9sistance. Ce processus normal doit \u00eatre consid\u00e9r\u00e9 dans l\u2019\u00e9tablissement de nouvelles structures p\u00e9dagogiques.\u00a0<\/span><b><\/b><\/p>\n<p>&nbsp;<\/p>\n<p><b>Le r\u00f4le de l\u2019orthop\u00e9dagogue dans une pratique de coenseignement<\/b><\/p>\n<p><span style=\"font-weight: 400;\">En contexte d&rsquo;\u00e9ducation inclusive et de r\u00e9ussite pour tous, le\u00a0coenseignement peut s\u2019av\u00e9rer une pratique efficace puisqu\u2019il a \u00e9t\u00e9 possible pour l\u2019orthop\u00e9dagogue de\u00a0:<\/span><\/p>\n<ul>\n<li><span style=\"font-weight: 400;\">prendre connaissance de ce qui se passe en classe afin d&rsquo;assurer une continuit\u00e9 \u00e9ducative ;\u00a0<\/span><\/li>\n<li><span style=\"font-weight: 400;\">rejoindre l&rsquo;ensemble des \u00e9l\u00e8ves ;\u00a0<\/span><\/li>\n<li><span style=\"font-weight: 400;\">cr\u00e9er des liens avec les \u00e9l\u00e8ves ;\u00a0<\/span><\/li>\n<li><span style=\"font-weight: 400;\">cr\u00e9er des liens avec l&rsquo;enseignant et d\u00e9velopper une vision commune de l&rsquo;intervention p\u00e9dagogique ;\u00a0<\/span><\/li>\n<li><span style=\"font-weight: 400;\">d\u00e9pister efficacement et prendre des d\u00e9cisions p\u00e9dagogiques \u00e9clair\u00e9es ;\u00a0<\/span><\/li>\n<li><span style=\"font-weight: 400;\">favoriser son d\u00e9veloppement professionnel en ayant, notamment un questionnement r\u00e9ciproque, une planification commune et une r\u00e9gulation de son agir professionnel.\u00a0<\/span><\/li>\n<\/ul>\n<p>&nbsp;<\/p>\n<p><span style=\"font-weight: 400;\">Apr\u00e8s une ann\u00e9e d\u2019exp\u00e9rimentation, l\u2019\u00e9quipe est satisfaite du mod\u00e8le mis en place puisqu\u2019il est, selon nous, un moyen de r\u00e9pondre \u00e0 la diversit\u00e9 des besoins du plus grand nombre. Par ailleurs, la collaboration \u00e9tablie entre les enseignants, l\u2019orthop\u00e9dagogue et la conseill\u00e8re p\u00e9dagogique am\u00e8ne ce dispositif \u00e0 \u00e9voluer puisqu\u2019il fait l\u2019objet de r\u00e9flexions, de remise en question et de r\u00e9ajustement. Ce processus rassembleur cr\u00e9e un sentiment de confiance face \u00e0 la r\u00e9ussite des \u00e9l\u00e8ves.\u00a0<\/span>[\/vc_column_text][vc_empty_space height=\u00a0\u00bb15px\u00a0\u00bb][\/vc_column_inner][\/vc_row_inner][\/vc_column][\/vc_row][vc_row row_type=\u00a0\u00bbrow\u00a0\u00bb use_row_as_full_screen_section=\u00a0\u00bbno\u00a0\u00bb type=\u00a0\u00bbfull_width\u00a0\u00bb text_align=\u00a0\u00bbleft\u00a0\u00bb background_animation=\u00a0\u00bbnone\u00a0\u00bb css_animation=\u00a0\u00bb\u00a0\u00bb][vc_column width=\u00a0\u00bb1\/3&Prime;][\/vc_column][vc_column width=\u00a0\u00bb1\/3&Prime;][\/vc_column][vc_column width=\u00a0\u00bb1\/3&Prime;][\/vc_column][\/vc_row]<\/p>\n<\/section>","protected":false},"excerpt":{"rendered":"<p>[vc_row row_type=\u00a0\u00bbrow\u00a0\u00bb use_row_as_full_screen_section=\u00a0\u00bbno\u00a0\u00bb type=\u00a0\u00bbfull_width\u00a0\u00bb text_align=\u00a0\u00bbleft\u00a0\u00bb background_animation=\u00a0\u00bbnone\u00a0\u00bb css_animation=\u00a0\u00bb\u00a0\u00bb][vc_column][vc_row_inner row_type=\u00a0\u00bbrow\u00a0\u00bb type=\u00a0\u00bbfull_width\u00a0\u00bb use_row_as_full_screen_section_slide=\u00a0\u00bbno\u00a0\u00bb text_align=\u00a0\u00bbleft\u00a0\u00bb css_animation=\u00a0\u00bb\u00a0\u00bb][vc_column_inner][vc_column_text] Par Chantale Cayer, orthop\u00e9dagogue au CEA de l\u2019Estuaire\u00a0 En collaboration avec Jenny Larouche, conseill\u00e8re p\u00e9dagogique au CEA de l\u2019Estuaire &nbsp; La grandissante diversit\u00e9 des apprenants dans nos centres am\u00e8ne l\u2019ensemble des professionnels du&#8230;<\/p>\n","protected":false},"author":7,"featured_media":0,"comment_status":"closed","ping_status":"closed","sticky":false,"template":"","format":"standard","meta":{"footnotes":"","_links_to":"","_links_to_target":""},"categories":[1],"tags":[74,404,403,110,10,48],"_links":{"self":[{"href":"https:\/\/www.carrefourfgafp.com\/SEC\/wp-json\/wp\/v2\/posts\/6741"}],"collection":[{"href":"https:\/\/www.carrefourfgafp.com\/SEC\/wp-json\/wp\/v2\/posts"}],"about":[{"href":"https:\/\/www.carrefourfgafp.com\/SEC\/wp-json\/wp\/v2\/types\/post"}],"author":[{"embeddable":true,"href":"https:\/\/www.carrefourfgafp.com\/SEC\/wp-json\/wp\/v2\/users\/7"}],"replies":[{"embeddable":true,"href":"https:\/\/www.carrefourfgafp.com\/SEC\/wp-json\/wp\/v2\/comments?post=6741"}],"version-history":[{"count":6,"href":"https:\/\/www.carrefourfgafp.com\/SEC\/wp-json\/wp\/v2\/posts\/6741\/revisions"}],"predecessor-version":[{"id":6749,"href":"https:\/\/www.carrefourfgafp.com\/SEC\/wp-json\/wp\/v2\/posts\/6741\/revisions\/6749"}],"wp:attachment":[{"href":"https:\/\/www.carrefourfgafp.com\/SEC\/wp-json\/wp\/v2\/media?parent=6741"}],"wp:term":[{"taxonomy":"category","embeddable":true,"href":"https:\/\/www.carrefourfgafp.com\/SEC\/wp-json\/wp\/v2\/categories?post=6741"},{"taxonomy":"post_tag","embeddable":true,"href":"https:\/\/www.carrefourfgafp.com\/SEC\/wp-json\/wp\/v2\/tags?post=6741"}],"curies":[{"name":"wp","href":"https:\/\/api.w.org\/{rel}","templated":true}]}}